{"id":1138,"date":"2018-12-17T01:47:23","date_gmt":"2018-12-16T23:47:23","guid":{"rendered":"http:\/\/blog.mkib.com\/?p=1138"},"modified":"2018-12-17T01:47:23","modified_gmt":"2018-12-16T23:47:23","slug":"varm%c3%b8nstringen-2019","status":"publish","type":"post","link":"http:\/\/blog.mkib.com\/?p=1138","title":{"rendered":"V\u00e5rm\u00f8nstringen 2019"},"content":{"rendered":"<p><strong>Da har Motorklubbene i Bergen hatt m\u00f8te ang\u00e5ende neste \u00e5rs V\u00e5rm\u00f8nstring.<\/strong><\/p>\n<p>Lagunen Kj\u00f8pesenter vil gjerne ha oss tilbake, s\u00e5 vi dro opp der for \u00e5 se hvordan det har blitt etter all utbyggingen som har v\u00e6rt der de siste 2 \u00e5rene.<\/p>\n<p>Vi fryktet det ville gj\u00f8re det sv\u00e6rt vanskelig \u00e5 gjennomf\u00f8re V\u00e5rm\u00f8nstringen der igjen, men befaringen viser at det nok vil fungere helt fint! Noen sm\u00e5justeringer vil det bli p\u00e5 plassering av klubbene etc., men det skal ikke by p\u00e5 st\u00f8rre problemer.<\/p>\n<p>Bergen Amcar og West Side Vanners vil ha samme omr\u00e5det som f\u00f8r nede ved vannet. Her er det laget en midlertidig gang og sykkelvei som stjeler en del plasser, men denne skal minskes inn og bli mindre dominerende. Antagelig flytter vi Milit\u00e6r sin plass til matlaging, samt de gjesteklubbene som har st\u00e5tt mellom Amcar og selve Lagunebygget, dermed vil Amcar f\u00e5 omtrent like mange plasser som f\u00f8r.<\/p>\n<p>VW, Jaguar, Ford, Mercedes og Veteran vil st\u00e5 omtrent der de har st\u00e5tt. Vi mister noen plasser foran det som er hovedinngangen til Lagunen, men til gjengjeld er 1. etasjen i P-huset som vi har brukt til gjesteklubber blitt mye st\u00f8rre og veier opp for dette. Der er det bra lys og bedre takh\u00f8yde enn i det gamle P-huset.<\/p>\n<p>Publikumsparkering vil bli i 2. og 3. etasje i det gamle parkeringshuset, samt i det nye P-huset ved Shell. Gjesteparkering blir gratis.<\/p>\n<p>De nye restaurantene som kommer, vil ikke lage problemer for arrangementet, ikke kinoen heller. Det blir i tillegg lettere \u00e5 skille Bybanepublikum fra utstillingen enn det var tidligere.<\/p>\n<p>Mange av V\u00e5rm\u00f8nstringens deltakere og publikum har savnet Lagunen og vi ser fram til mange gode \u00e5r her igjen.<\/p>\n<p>Neste \u00e5rs V\u00e5rm\u00f8nstring er som vanlig p\u00e5 Kristi himmelfartsdag, som i 2019 er den 30. mai.<\/p>\n<p><strong>Vi \u00f8nsker dere velkommen til V\u00e5rm\u00f8nstringen 2019, og velkommen tilbake til Lagunen Kj\u00f8pesenter!<\/strong><\/p>\n","protected":false},"excerpt":{"rendered":"<p>Da har Motorklubbene i Bergen hatt m\u00f8te ang\u00e5ende neste \u00e5rs V\u00e5rm\u00f8nstring. Lagunen Kj\u00f8pesenter vil gjerne ha oss tilbake, s\u00e5 vi dro opp der for \u00e5 se hvordan det har blitt etter all utbyggingen som har v\u00e6rt der de siste 2 \u00e5rene. Vi fryktet det ville gj\u00f8re det sv\u00e6rt vanskelig \u00e5 gjennomf\u00f8re V\u00e5rm\u00f8nstringen der igjen, men [&hellip;]<\/p>\n","protected":false},"author":2,"featured_media":0,"comment_status":"closed","ping_status":"closed","sticky":false,"template":"","format":"standard","meta":{"ngg_post_thumbnail":0},"categories":[22],"tags":[],"_links":{"self":[{"href":"http:\/\/blog.mkib.com\/index.php?rest_route=\/wp\/v2\/posts\/1138"}],"collection":[{"href":"http:\/\/blog.mkib.com\/index.php?rest_route=\/wp\/v2\/posts"}],"about":[{"href":"http:\/\/blog.mkib.com\/index.php?rest_route=\/wp\/v2\/types\/post"}],"author":[{"embeddable":true,"href":"http:\/\/blog.mkib.com\/index.php?rest_route=\/wp\/v2\/users\/2"}],"replies":[{"embeddable":true,"href":"http:\/\/blog.mkib.com\/index.php?rest_route=%2Fwp%2Fv2%2Fcomments&post=1138"}],"version-history":[{"count":12,"href":"http:\/\/blog.mkib.com\/index.php?rest_route=\/wp\/v2\/posts\/1138\/revisions"}],"predecessor-version":[{"id":1150,"href":"http:\/\/blog.mkib.com\/index.php?rest_route=\/wp\/v2\/posts\/1138\/revisions\/1150"}],"wp:attachment":[{"href":"http:\/\/blog.mkib.com\/index.php?rest_route=%2Fwp%2Fv2%2Fmedia&parent=1138"}],"wp:term":[{"taxonomy":"category","embeddable":true,"href":"http:\/\/blog.mkib.com\/index.php?rest_route=%2Fwp%2Fv2%2Fcategories&post=1138"},{"taxonomy":"post_tag","embeddable":true,"href":"http:\/\/blog.mkib.com\/index.php?rest_route=%2Fwp%2Fv2%2Ftags&post=1138"}],"curies":[{"name":"wp","href":"https:\/\/api.w.org\/{rel}","templated":true}]}}